{"id":7946,"date":"2019-11-25T16:06:25","date_gmt":"2019-11-25T15:06:25","guid":{"rendered":"https:\/\/mpg-do.de\/?p=7946"},"modified":"2022-11-10T19:08:22","modified_gmt":"2022-11-10T18:08:22","slug":"medienscouts","status":"publish","type":"post","link":"https:\/\/mpg-do.de\/?p=7946","title":{"rendered":"Medienscouts"},"content":{"rendered":"\n<p class=\"wp-block-paragraph\">Ihr braucht Hilfe bei euren Privatsph\u00e4reeinstellungen, werdet im Klassenchat ge\u00e4rgert oder habt andere Fragen rund um das Internet oder soziale Medien? Meldet euch bei uns! <\/p>\n\n\n\n<!--more-->\n\n\n\n<p class=\"wp-block-paragraph\">Wir, Lea (8f), Laura (8c), Matej (8b) und Daniel (8a) sind die Medienscouts an eurer Schule.<\/p>\n\n\n\n<figure class=\"wp-block-image size-large is-resized\"><img loading=\"lazy\" decoding=\"async\" src=\"https:\/\/mpg-do.de\/wp-content\/uploads\/2019\/11\/Medienscouts-2019-Max-Planck-Gymnasium-Dortmund-1237x600.jpg\" alt=\"\" class=\"wp-image-7947\" width=\"821\" height=\"398\" srcset=\"https:\/\/mpg-do.de\/wp-content\/uploads\/2019\/11\/Medienscouts-2019-Max-Planck-Gymnasium-Dortmund-1237x600.jpg 1237w, https:\/\/mpg-do.de\/wp-content\/uploads\/2019\/11\/Medienscouts-2019-Max-Planck-Gymnasium-Dortmund-300x146.jpg 300w, https:\/\/mpg-do.de\/wp-content\/uploads\/2019\/11\/Medienscouts-2019-Max-Planck-Gymnasium-Dortmund-768x373.jpg 768w, https:\/\/mpg-do.de\/wp-content\/uploads\/2019\/11\/Medienscouts-2019-Max-Planck-Gymnasium-Dortmund-64x31.jpg 64w, https:\/\/mpg-do.de\/wp-content\/uploads\/2019\/11\/Medienscouts-2019-Max-Planck-Gymnasium-Dortmund.jpg 1280w\" sizes=\"auto, (max-width: 821px) 100vw, 821px\" \/><\/figure>\n\n\n\n<p class=\"wp-block-paragraph\">Habt keine Angst, bei uns ist jedes Problem sicher und nat\u00fcrlich auch diskret. Au\u00dferdem werden wir bei Bedarf von unseren Beratungslehrern unterst\u00fctzt (Frau Kuhlmann und Herr Buddemeyer). <\/p>\n\n\n\n<p class=\"wp-block-paragraph\">Wenn ihr mehr \u00fcber uns erfahren wollt, schaut auf das Plakat mit einem Foto von uns im Glaskasten neben der Cafeteria. Au\u00dferdem sind wir am Mittwoch (20.11.) durch die Klassen 5-8 gezogen und haben uns pers\u00f6nlich vorgestellt. In jeder Klasse sollte ein Flyer \u00fcber unsere Arbeit informieren.<br>Bei Problemen oder Fragen meldet euch:&nbsp;<a href=\"mailto:medienscouts@mpg-dortmund.de\">medienscouts@mpg-dortmund.de<\/a><\/p>\n","protected":false},"excerpt":{"rendered":"<p>Ihr braucht Hilfe bei euren Privatsph\u00e4reeinstellungen, werdet im Klassenchat ge\u00e4rgert oder habt andere Fragen rund um das Internet oder soziale Medien? Meldet euch bei uns!<\/p>\n","protected":false},"author":5,"featured_media":7948,"comment_status":"closed","ping_status":"closed","sticky":false,"template":"","format":"standard","meta":{"_crdt_document":"","footnotes":""},"categories":[1],"tags":[248,77,242],"class_list":["post-7946","post","type-post","status-publish","format-standard","has-post-thumbnail","hentry","category-allgemein","tag-digitalisierung","tag-medien","tag-medienscouts","entry"],"_links":{"self":[{"href":"https:\/\/mpg-do.de\/index.php?rest_route=\/wp\/v2\/posts\/7946","targetHints":{"allow":["GET"]}}],"collection":[{"href":"https:\/\/mpg-do.de\/index.php?rest_route=\/wp\/v2\/posts"}],"about":[{"href":"https:\/\/mpg-do.de\/index.php?rest_route=\/wp\/v2\/types\/post"}],"author":[{"embeddable":true,"href":"https:\/\/mpg-do.de\/index.php?rest_route=\/wp\/v2\/users\/5"}],"replies":[{"embeddable":true,"href":"https:\/\/mpg-do.de\/index.php?rest_route=%2Fwp%2Fv2%2Fcomments&post=7946"}],"version-history":[{"count":4,"href":"https:\/\/mpg-do.de\/index.php?rest_route=\/wp\/v2\/posts\/7946\/revisions"}],"predecessor-version":[{"id":7954,"href":"https:\/\/mpg-do.de\/index.php?rest_route=\/wp\/v2\/posts\/7946\/revisions\/7954"}],"wp:featuredmedia":[{"embeddable":true,"href":"https:\/\/mpg-do.de\/index.php?rest_route=\/wp\/v2\/media\/7948"}],"wp:attachment":[{"href":"https:\/\/mpg-do.de\/index.php?rest_route=%2Fwp%2Fv2%2Fmedia&parent=7946"}],"wp:term":[{"taxonomy":"category","embeddable":true,"href":"https:\/\/mpg-do.de\/index.php?rest_route=%2Fwp%2Fv2%2Fcategories&post=7946"},{"taxonomy":"post_tag","embeddable":true,"href":"https:\/\/mpg-do.de\/index.php?rest_route=%2Fwp%2Fv2%2Ftags&post=7946"}],"curies":[{"name":"wp","href":"https:\/\/api.w.org\/{rel}","templated":true}]}}