{"id":8202,"date":"2020-02-23T16:17:48","date_gmt":"2020-02-23T15:17:48","guid":{"rendered":"https:\/\/mpg-do.de\/?p=8202"},"modified":"2020-02-25T15:19:48","modified_gmt":"2020-02-25T14:19:48","slug":"erfolgreich-bei-jugend-forscht","status":"publish","type":"post","link":"https:\/\/mpg-do.de\/?p=8202","title":{"rendered":"Erfolgreich bei &#8222;Jugend forscht&#8220;"},"content":{"rendered":"\n<p class=\"wp-block-paragraph\">Vor der Einladung zum gr\u00f6\u00dften und bekanntesten Jugend-Wissenschafts-Preis steht die Forschung an einem selbstgew\u00e4hlten Thema. Wenn Fachliteratur gelesen, Daten erhoben, Ergebnisse analysiert und eine Zusammenfassung geschrieben sind, werden ausgew\u00e4hlte Arbeiten zum Regionalwettbewerb des Regierungsbezirks Arnsberg in die DASA eingeladen.&nbsp;<\/p>\n\n\n\n<!--more-->\n\n\n\n<p class=\"wp-block-paragraph\">Franca (Q2) hat ihre Sympathie f\u00fcr Hunde zum Anlass genommen, die Kommunikation zwischen dem beliebtesten Haustier und dem Menschen zu analysieren. Da beide Arten bekannterma\u00dfen nicht gleich sprechen, mussten sie andere M\u00f6glichkeiten finden um sich zu verstehen. Oder wie der Titel der Arbeit hei\u00dft: Sprichst Du Hund? Sie arbeitete f\u00fcr die Datenaufnahme mit einer Hundeschule zusammen.&nbsp;<\/p>\n\n\n\n<figure class=\"wp-block-image size-large\"><img loading=\"lazy\" decoding=\"async\" width=\"734\" height=\"600\" src=\"https:\/\/mpg-do.de\/wp-content\/uploads\/2020\/02\/E5E20030-076E-4962-896C-1B2882FA9509-734x600.jpeg\" alt=\"\" class=\"wp-image-8203\" srcset=\"https:\/\/mpg-do.de\/wp-content\/uploads\/2020\/02\/E5E20030-076E-4962-896C-1B2882FA9509-734x600.jpeg 734w, https:\/\/mpg-do.de\/wp-content\/uploads\/2020\/02\/E5E20030-076E-4962-896C-1B2882FA9509-300x245.jpeg 300w, https:\/\/mpg-do.de\/wp-content\/uploads\/2020\/02\/E5E20030-076E-4962-896C-1B2882FA9509-768x628.jpeg 768w, https:\/\/mpg-do.de\/wp-content\/uploads\/2020\/02\/E5E20030-076E-4962-896C-1B2882FA9509-1536x1256.jpeg 1536w, https:\/\/mpg-do.de\/wp-content\/uploads\/2020\/02\/E5E20030-076E-4962-896C-1B2882FA9509-64x52.jpeg 64w, https:\/\/mpg-do.de\/wp-content\/uploads\/2020\/02\/E5E20030-076E-4962-896C-1B2882FA9509-1568x1282.jpeg 1568w, https:\/\/mpg-do.de\/wp-content\/uploads\/2020\/02\/E5E20030-076E-4962-896C-1B2882FA9509-1320x1079.jpeg 1320w, https:\/\/mpg-do.de\/wp-content\/uploads\/2020\/02\/E5E20030-076E-4962-896C-1B2882FA9509.jpeg 2048w\" sizes=\"auto, (max-width: 734px) 100vw, 734px\" \/><\/figure>\n\n\n\n<p class=\"wp-block-paragraph\">Den zweiten Wettbewerbsbeitrag lieferte Jennifer (Q2), die an vielen Probanden untersuchte, wie sich der Musikkonsum auf die kognitive Leistung auswirkt. Die Erkenntnisse \u00fcber den sogenannten \u02cbMozarteffekt\u00b4 erweiterte sie, indem sie die Leistungen bei dem Konsum von individuellen Lieblingsliedern und dem genauen Gegenteil untersuchte. Ihre Arbeit wurde mit dem Sonderpreis \u02cbH\u00f6ren, Akustik&nbsp;&amp; L\u00e4rm\u00b4 ausgezeichnet.&nbsp;Wir sind stolz darauf, dass auch in diesem Jahr Sch\u00fclerinnen&nbsp;Eigenmotivation, Mut und Ideenreichtum bei \u02cbJugend forscht\u00b4 bewiesen haben und begl\u00fcckw\u00fcnschen beide Teilnehmerinnen zu ihren Leistungen.<\/p>\n\n\n\n<figure class=\"wp-block-image size-large\"><img loading=\"lazy\" decoding=\"async\" width=\"800\" height=\"600\" src=\"https:\/\/mpg-do.de\/wp-content\/uploads\/2020\/02\/95579701-E6ED-47B0-BC68-B19F8C0B0972-800x600.jpeg\" alt=\"\" class=\"wp-image-8207\" srcset=\"https:\/\/mpg-do.de\/wp-content\/uploads\/2020\/02\/95579701-E6ED-47B0-BC68-B19F8C0B0972-800x600.jpeg 800w, https:\/\/mpg-do.de\/wp-content\/uploads\/2020\/02\/95579701-E6ED-47B0-BC68-B19F8C0B0972-300x225.jpeg 300w, https:\/\/mpg-do.de\/wp-content\/uploads\/2020\/02\/95579701-E6ED-47B0-BC68-B19F8C0B0972-120x90.jpeg 120w, https:\/\/mpg-do.de\/wp-content\/uploads\/2020\/02\/95579701-E6ED-47B0-BC68-B19F8C0B0972-768x576.jpeg 768w, https:\/\/mpg-do.de\/wp-content\/uploads\/2020\/02\/95579701-E6ED-47B0-BC68-B19F8C0B0972-1536x1152.jpeg 1536w, https:\/\/mpg-do.de\/wp-content\/uploads\/2020\/02\/95579701-E6ED-47B0-BC68-B19F8C0B0972-2048x1536.jpeg 2048w, https:\/\/mpg-do.de\/wp-content\/uploads\/2020\/02\/95579701-E6ED-47B0-BC68-B19F8C0B0972-64x48.jpeg 64w, https:\/\/mpg-do.de\/wp-content\/uploads\/2020\/02\/95579701-E6ED-47B0-BC68-B19F8C0B0972-1568x1176.jpeg 1568w, https:\/\/mpg-do.de\/wp-content\/uploads\/2020\/02\/95579701-E6ED-47B0-BC68-B19F8C0B0972-1320x990.jpeg 1320w\" sizes=\"auto, (max-width: 800px) 100vw, 800px\" \/><\/figure>\n\n\n\n<figure class=\"wp-block-image size-large\"><img loading=\"lazy\" decoding=\"async\" width=\"879\" height=\"600\" src=\"https:\/\/mpg-do.de\/wp-content\/uploads\/2020\/02\/868E15F4-46E7-4D92-99DD-46DCE2C9F0C4-879x600.jpeg\" alt=\"\" class=\"wp-image-8204\" srcset=\"https:\/\/mpg-do.de\/wp-content\/uploads\/2020\/02\/868E15F4-46E7-4D92-99DD-46DCE2C9F0C4-879x600.jpeg 879w, https:\/\/mpg-do.de\/wp-content\/uploads\/2020\/02\/868E15F4-46E7-4D92-99DD-46DCE2C9F0C4-300x205.jpeg 300w, https:\/\/mpg-do.de\/wp-content\/uploads\/2020\/02\/868E15F4-46E7-4D92-99DD-46DCE2C9F0C4-768x524.jpeg 768w, https:\/\/mpg-do.de\/wp-content\/uploads\/2020\/02\/868E15F4-46E7-4D92-99DD-46DCE2C9F0C4-1536x1048.jpeg 1536w, https:\/\/mpg-do.de\/wp-content\/uploads\/2020\/02\/868E15F4-46E7-4D92-99DD-46DCE2C9F0C4-2048x1397.jpeg 2048w, https:\/\/mpg-do.de\/wp-content\/uploads\/2020\/02\/868E15F4-46E7-4D92-99DD-46DCE2C9F0C4-64x44.jpeg 64w, https:\/\/mpg-do.de\/wp-content\/uploads\/2020\/02\/868E15F4-46E7-4D92-99DD-46DCE2C9F0C4-1568x1070.jpeg 1568w, https:\/\/mpg-do.de\/wp-content\/uploads\/2020\/02\/868E15F4-46E7-4D92-99DD-46DCE2C9F0C4-1320x901.jpeg 1320w\" sizes=\"auto, (max-width: 879px) 100vw, 879px\" \/><\/figure>\n\n\n\n<p class=\"wp-block-paragraph\"><\/p>\n","protected":false},"excerpt":{"rendered":"<p>Vor der Einladung zum gr\u00f6\u00dften und bekanntesten Jugend-Wissenschafts-Preis steht die Forschung an einem selbstgew\u00e4hlten Thema. Wenn Fachliteratur gelesen, Daten erhoben, Ergebnisse analysiert und eine Zusammenfassung geschrieben sind, werden ausgew\u00e4hlte Arbeiten zum Regionalwettbewerb des Regierungsbezirks Arnsberg in die DASA eingeladen.&nbsp;<\/p>\n","protected":false},"author":5,"featured_media":8205,"comment_status":"closed","ping_status":"closed","sticky":false,"template":"","format":"standard","meta":{"_crdt_document":"","footnotes":""},"categories":[1],"tags":[137,213],"class_list":["post-8202","post","type-post","status-publish","format-standard","has-post-thumbnail","hentry","category-allgemein","tag-biologie","tag-mint","entry"],"_links":{"self":[{"href":"https:\/\/mpg-do.de\/index.php?rest_route=\/wp\/v2\/posts\/8202","targetHints":{"allow":["GET"]}}],"collection":[{"href":"https:\/\/mpg-do.de\/index.php?rest_route=\/wp\/v2\/posts"}],"about":[{"href":"https:\/\/mpg-do.de\/index.php?rest_route=\/wp\/v2\/types\/post"}],"author":[{"embeddable":true,"href":"https:\/\/mpg-do.de\/index.php?rest_route=\/wp\/v2\/users\/5"}],"replies":[{"embeddable":true,"href":"https:\/\/mpg-do.de\/index.php?rest_route=%2Fwp%2Fv2%2Fcomments&post=8202"}],"version-history":[{"count":3,"href":"https:\/\/mpg-do.de\/index.php?rest_route=\/wp\/v2\/posts\/8202\/revisions"}],"predecessor-version":[{"id":8216,"href":"https:\/\/mpg-do.de\/index.php?rest_route=\/wp\/v2\/posts\/8202\/revisions\/8216"}],"wp:featuredmedia":[{"embeddable":true,"href":"https:\/\/mpg-do.de\/index.php?rest_route=\/wp\/v2\/media\/8205"}],"wp:attachment":[{"href":"https:\/\/mpg-do.de\/index.php?rest_route=%2Fwp%2Fv2%2Fmedia&parent=8202"}],"wp:term":[{"taxonomy":"category","embeddable":true,"href":"https:\/\/mpg-do.de\/index.php?rest_route=%2Fwp%2Fv2%2Fcategories&post=8202"},{"taxonomy":"post_tag","embeddable":true,"href":"https:\/\/mpg-do.de\/index.php?rest_route=%2Fwp%2Fv2%2Ftags&post=8202"}],"curies":[{"name":"wp","href":"https:\/\/api.w.org\/{rel}","templated":true}]}}