{"id":8209,"date":"2020-02-25T15:19:21","date_gmt":"2020-02-25T14:19:21","guid":{"rendered":"https:\/\/mpg-do.de\/?p=8209"},"modified":"2020-02-25T15:19:22","modified_gmt":"2020-02-25T14:19:22","slug":"vorstand-und-projekte-des-foerdervereins","status":"publish","type":"post","link":"https:\/\/mpg-do.de\/?p=8209","title":{"rendered":"Vorstand und Projekte des F\u00f6rdervereins"},"content":{"rendered":"\n<p class=\"wp-block-paragraph\">Am 11.2.2020 hat die Jahreshauptversammlung des F\u00f6rdervereins stattgefunden, diesmal mit Wahlen.<\/p>\n\n\n\n<!--more-->\n\n\n\n<p class=\"wp-block-paragraph\">Es wurden wiedergew\u00e4hlt:&nbsp; <\/p>\n\n\n\n<ul class=\"wp-block-list\"><li>1. Vorsitzende:&nbsp;Heidrun&nbsp;Wind-Overberg <\/li><li>2. Vorsitzende: Daniela&nbsp;Borgdorf <\/li><li>Kassierer: Josef Beine <\/li><\/ul>\n\n\n\n<p class=\"wp-block-paragraph\">Neu gew\u00e4hlt wurde: &nbsp;&nbsp; <\/p>\n\n\n\n<ul class=\"wp-block-list\"><li>Schriftf\u00fchrerin: Viktoria Prinz-Wittner<\/li><\/ul>\n\n\n\n<p class=\"wp-block-paragraph\">Gef\u00f6rdert wurden im vergangenen Jahr zahlreiche Projekte von <a href=\"https:\/\/mpg-do.de\/?p=7556\">Gartenschachfiguren f\u00fcr die Terrasse<\/a> bis zu Zeitschriftenabonnements in der <a href=\"https:\/\/mpg-do.de\/?page_id=2556\">B\u00fccherei<\/a>, von einer Sp\u00fclmaschine zur Reduzierung von Plastikm\u00fcll bis zu Nistk\u00e4sten f\u00fcr den insektenfreundlichen <a href=\"https:\/\/mpg-do.de\/?p=6584\">Schulgarten<\/a>.<\/p>\n","protected":false},"excerpt":{"rendered":"<p>Am 11.2.2020 hat die Jahreshauptversammlung des F\u00f6rdervereins stattgefunden, diesmal mit Wahlen.<\/p>\n","protected":false},"author":5,"featured_media":4500,"comment_status":"closed","ping_status":"closed","sticky":false,"template":"","format":"standard","meta":{"_crdt_document":"","footnotes":""},"categories":[1],"tags":[95],"class_list":["post-8209","post","type-post","status-publish","format-standard","has-post-thumbnail","hentry","category-allgemein","tag-foerderverein","entry"],"_links":{"self":[{"href":"https:\/\/mpg-do.de\/index.php?rest_route=\/wp\/v2\/posts\/8209","targetHints":{"allow":["GET"]}}],"collection":[{"href":"https:\/\/mpg-do.de\/index.php?rest_route=\/wp\/v2\/posts"}],"about":[{"href":"https:\/\/mpg-do.de\/index.php?rest_route=\/wp\/v2\/types\/post"}],"author":[{"embeddable":true,"href":"https:\/\/mpg-do.de\/index.php?rest_route=\/wp\/v2\/users\/5"}],"replies":[{"embeddable":true,"href":"https:\/\/mpg-do.de\/index.php?rest_route=%2Fwp%2Fv2%2Fcomments&post=8209"}],"version-history":[{"count":9,"href":"https:\/\/mpg-do.de\/index.php?rest_route=\/wp\/v2\/posts\/8209\/revisions"}],"predecessor-version":[{"id":8222,"href":"https:\/\/mpg-do.de\/index.php?rest_route=\/wp\/v2\/posts\/8209\/revisions\/8222"}],"wp:featuredmedia":[{"embeddable":true,"href":"https:\/\/mpg-do.de\/index.php?rest_route=\/wp\/v2\/media\/4500"}],"wp:attachment":[{"href":"https:\/\/mpg-do.de\/index.php?rest_route=%2Fwp%2Fv2%2Fmedia&parent=8209"}],"wp:term":[{"taxonomy":"category","embeddable":true,"href":"https:\/\/mpg-do.de\/index.php?rest_route=%2Fwp%2Fv2%2Fcategories&post=8209"},{"taxonomy":"post_tag","embeddable":true,"href":"https:\/\/mpg-do.de\/index.php?rest_route=%2Fwp%2Fv2%2Ftags&post=8209"}],"curies":[{"name":"wp","href":"https:\/\/api.w.org\/{rel}","templated":true}]}}