{"id":8469,"date":"2020-04-01T21:23:57","date_gmt":"2020-04-01T19:23:57","guid":{"rendered":"https:\/\/mpg-do.de\/?p=8469"},"modified":"2020-04-02T09:11:51","modified_gmt":"2020-04-02T07:11:51","slug":"elternsprechtag-christi-himmelfahrt-abitur","status":"publish","type":"post","link":"https:\/\/mpg-do.de\/?p=8469","title":{"rendered":"Elternsprechtag, Christi Himmelfahrt, Abitur"},"content":{"rendered":"\n<p class=\"wp-block-paragraph\">Liebe Sch\u00fclerinnen, liebe Sch\u00fcler, liebe Eltern,&nbsp;&nbsp;&nbsp;&nbsp;<\/p>\n\n\n\n<p class=\"wp-block-paragraph\">die Situation ist f\u00fcr alle momentan nicht einfach. Ich w\u00fcnsche so sehr, dass alle die Situation wohlbehalten \u00fcberstehen.&nbsp;<\/p>\n\n\n\n<p class=\"wp-block-paragraph\">Ich habe einige neue Informationen f\u00fcr Sie und euch &#8211; Stand jetzt, \u00c4nderungen k\u00f6nnen aufgrund der Lage immer wieder gegeben sein:<\/p>\n\n\n\n<!--more-->\n\n\n\n<ul class=\"wp-block-list\"><li>Der f\u00fcr Freitag, den 24. 4. 2020 terminierte\u00a0<strong>Elternsprechtag<\/strong>\u00a0findet, unabh\u00e4ngig davon, ob f\u00fcr alle Jahrgangsstufen regul\u00e4rer Unterricht stattfindet, aufgrund der aktuellen Lage in dieser Form leider\u00a0<strong>nicht statt<\/strong>.\u00a0Bzgl. der in diesem Schuljahr nicht versandten Warnungen verweise ich auf die entsprechende Rundverf\u00fcgung: &#8222;In diesem Schuljahr\u00a0(werden) keine Benachrichtigungen gem\u00e4\u00df \u00a7 50 Absatz 4 Schulgesetz NRW\u00a0wegen Versetzungsgef\u00e4hrdung versandt (&#8230;).\u00a0\u00a0Hieraus folgt wie bei einer unterlassenen Benachrichtigung im Einzelfall,\u00a0dass\u00a0bei\u00a0einer\u00a0Versetzungsentscheidung\u00a0nicht\u00a0abgemahnte\u00a0Minderleistungen in einem Fach nicht ber\u00fccksichtigt werden. Im \u00dcbrigen\u00a0gelten die jeweiligen Bestimmungen der Ausbildungs-und Pr\u00fcfungsordnungen.&#8220;\u00a0Selbstverst\u00e4ndlich stehen Ihnen die Kolleg_innen in bew\u00e4hrter Weise bei individuellen R\u00fcckfragen und Anliegen zur Verf\u00fcgung, wobei sich angsichts der Lage manche Unsicherheiten zum jetzigen Zeitpunkt leider noch nicht kl\u00e4ren lassen.\u00a0<\/li><li>Nach jetzigem Stand ist noch nicht dar\u00fcber entschieden worden,\u00a0<strong>ob\u00a0<\/strong>der\u00a0<strong>gesamte Schulbetrieb nach den Osterferien\u00a0<\/strong>wieder aufgenommen wird. Wenn ja, gilt der normale Stundenplan mit Q2. Wenn nein, gilt der Q2-Plan, der aufgrund der Blockungen nicht ge\u00e4ndert werden kann.\u00a0Zurzeit liegt mir keine Information dazu vor, dass nur die Abiturf\u00e4cher unterrichtet werden sollen.\u00a0Nehmen Sie \/ Nehmt dazu bitte zum Ende der Ferien hin die\u00a0<strong>Homepage<\/strong>\u00a0zur Kenntnis.\u00a0<\/li><li>Zum<strong>\u00a0Freitag nach Christi Himmelfahrt\u00a0<\/strong>stand in   der Schumail 11: &#8222;Die Terminverschiebung im Abitur f\u00fchrt allerdings dazu, dass auch Freitag, der 22. Mai 2020 \u2013 f\u00fcr viele Schulen der \u201eBr\u00fcckentag\u201c nach Christi Himmelfahrt \u2013 f\u00fcr Pr\u00fcfungen genutzt werden muss. Ich wei\u00df, dass dies f\u00fcr viele Schulen, die hier urspr\u00fcnglich einen beweglichen Ferientag eingeplant hatten, nun eine \u00c4nderung bedeutet.&#8220; Ich bin noch im Kl\u00e4rungsprozesse, wie das Wort &#8222;urspr\u00fcnglich&#8220; zu verstehen ist, ob diese Regelung f\u00fcr alle Sch\u00fcler_innen gilt und ob der Bewegliche Ferientag ggf. verlegt werden kann.<\/li><\/ul>\n\n\n\n<p class=\"wp-block-paragraph\"><strong>Abitur<\/strong><\/p>\n\n\n\n<ul class=\"wp-block-list\"><li>Der<strong>&nbsp;Nachschreibtermin<\/strong>&nbsp;f\u00fcr die&nbsp;<strong>Vorabiturklausuen&nbsp;<\/strong>ist&nbsp;<strong>Montag, der 20. 4. 2020, 8.00 Uhr.<\/strong>&nbsp;Die R\u00e4ume werden per Aushang bekannt gegeben.&nbsp;<\/li><li>Unter diesem Link finden sich die Neufassung der Termine f\u00fcr das Zentralabitur:&nbsp;<a href=\"https:\/\/www.standardsicherung.schulministerium.nrw.de\/cms\/zentralabitur-gost\/termine\/termine-2020\/\">https:\/\/www.standardsicherung.schulministerium.nrw.de\/cms\/zentralabitur-gost\/termine\/termine-2020\/<\/a>&nbsp;Die&nbsp;<strong>Zentralabiturklausurtermine<\/strong>&nbsp;sind auf unserer Homepage bereits aktualisiert.&nbsp;&nbsp;<\/li><li>Angesichts der voraussichtlich weiterhin angespannten Lage im Zusammenhang mit der Verbreitung des Corona-Virus kann leider die<strong>&nbsp;Motto-Woche nicht stattfinden.&nbsp;<\/strong>Was den&nbsp;<strong>Chaostag<\/strong>&nbsp;zu einem sp\u00e4teren Zeitpunkt im Juni anbetrifft, m\u00f6chte ich noch keine abschlie\u00dfende Aussage treffen, bin aber eher pessimistisch. Vielleicht lasst ihr euch, liebe Sch\u00fclerinnen und Sch\u00fcler, etwas Digitales einfallen, was ich sehr begr\u00fc\u00dfe.&nbsp;<\/li><li>Die&nbsp;<strong>feierliche Ausgabe der Zeugnisse\/Entlassfeier<\/strong>&nbsp;ist fristen- und terminbedingt am letzten Schultag,&nbsp;<strong>Freitag, den 26. 6. 2020<\/strong>. \u00dcber den Zeitpunkt haben wir noch nicht entschieden.&nbsp;<\/li><\/ul>\n\n\n\n<p class=\"wp-block-paragraph\">Beste Gr\u00fc\u00dfe und Wohlergehen!<\/p>\n\n\n\n<p class=\"wp-block-paragraph\">Ute Tometten<\/p>\n","protected":false},"excerpt":{"rendered":"<p>Liebe Sch\u00fclerinnen, liebe Sch\u00fcler, liebe Eltern,&nbsp;&nbsp;&nbsp;&nbsp; die Situation ist f\u00fcr alle momentan nicht einfach. Ich w\u00fcnsche so sehr, dass alle die Situation wohlbehalten \u00fcberstehen.&nbsp; Ich habe einige neue Informationen f\u00fcr Sie und euch &#8211; Stand jetzt, \u00c4nderungen k\u00f6nnen aufgrund der Lage immer wieder gegeben sein:<\/p>\n","protected":false},"author":5,"featured_media":0,"comment_status":"closed","ping_status":"closed","sticky":false,"template":"","format":"standard","meta":{"_crdt_document":"","footnotes":""},"categories":[1],"tags":[],"class_list":["post-8469","post","type-post","status-publish","format-standard","hentry","category-allgemein","entry"],"_links":{"self":[{"href":"https:\/\/mpg-do.de\/index.php?rest_route=\/wp\/v2\/posts\/8469","targetHints":{"allow":["GET"]}}],"collection":[{"href":"https:\/\/mpg-do.de\/index.php?rest_route=\/wp\/v2\/posts"}],"about":[{"href":"https:\/\/mpg-do.de\/index.php?rest_route=\/wp\/v2\/types\/post"}],"author":[{"embeddable":true,"href":"https:\/\/mpg-do.de\/index.php?rest_route=\/wp\/v2\/users\/5"}],"replies":[{"embeddable":true,"href":"https:\/\/mpg-do.de\/index.php?rest_route=%2Fwp%2Fv2%2Fcomments&post=8469"}],"version-history":[{"count":2,"href":"https:\/\/mpg-do.de\/index.php?rest_route=\/wp\/v2\/posts\/8469\/revisions"}],"predecessor-version":[{"id":8483,"href":"https:\/\/mpg-do.de\/index.php?rest_route=\/wp\/v2\/posts\/8469\/revisions\/8483"}],"wp:attachment":[{"href":"https:\/\/mpg-do.de\/index.php?rest_route=%2Fwp%2Fv2%2Fmedia&parent=8469"}],"wp:term":[{"taxonomy":"category","embeddable":true,"href":"https:\/\/mpg-do.de\/index.php?rest_route=%2Fwp%2Fv2%2Fcategories&post=8469"},{"taxonomy":"post_tag","embeddable":true,"href":"https:\/\/mpg-do.de\/index.php?rest_route=%2Fwp%2Fv2%2Ftags&post=8469"}],"curies":[{"name":"wp","href":"https:\/\/api.w.org\/{rel}","templated":true}]}}