{"id":8512,"date":"2020-04-17T17:00:15","date_gmt":"2020-04-17T15:00:15","guid":{"rendered":"https:\/\/mpg-do.de\/?p=8512"},"modified":"2020-04-17T17:02:10","modified_gmt":"2020-04-17T15:02:10","slug":"vorabiturklausuren-allgemeine-regelungen-des-ministeriums","status":"publish","type":"post","link":"https:\/\/mpg-do.de\/?p=8512","title":{"rendered":"Vorabiturklausuren, allgemeine Regelungen des Ministeriums"},"content":{"rendered":"\n<p class=\"wp-block-paragraph\">Dortmund, den 17. 4. 2020<\/p>\n\n\n\n<p class=\"wp-block-paragraph\">Liebe Kolleginnen, liebe Kollegen, liebe Sch\u00fclerinnen, liebe Sch\u00fcler, liebe Eltern,<\/p>\n\n\n\n<p class=\"wp-block-paragraph\">unter diesem Link findet sich die neue <strong>Schulmail<\/strong> des MSB: <a href=\"https:\/\/www.schulministerium.nrw.de\/docs\/bp\/Ministerium\/Schulverwaltung\/Schulmail\/Archiv-2020\/200416\/index.html\">https:\/\/www.schulministerium.nrw.de\/docs\/bp\/Ministerium\/Schulverwaltung\/Schulmail\/Archiv-2020\/200416\/index.html<\/a>&nbsp;<\/p>\n\n\n\n<p class=\"wp-block-paragraph\">Gerne h\u00e4tte ich heute bereits das <strong>Prozedere f\u00fcr die Organisation der abiturrelevanten Kurse der Q2<\/strong> (LKs sowie 3. und 4. Abiturfach) ab dem 23. 4. vorgestellt zwecks klarer Zeitplanung f\u00fcr alle Beteiligten. Die Planungen laufen auf Hochtouren, allerdings gibt es noch einige Punkte zu kl\u00e4ren, so dass ich Sie und euch erst Anfang der kommenden Woche \u00fcber Details informiere.&nbsp;<\/p>\n\n\n\n<!--more-->\n\n\n\n<p class=\"wp-block-paragraph\">Angesichts der Kooperation mit dem HLG habe ich mit dem dortigen Schulleiter Herrn M\u00f6llencamp telefoniert, damit wir weitgehend parallele Abl\u00e4ufe bzgl. des LK-Fahrplans der Q2 haben.<\/p>\n\n\n\n<p class=\"wp-block-paragraph\">Zu den <strong>Vorabiturklausuren<\/strong>: Ich bitte die Sch\u00fcler_innen, die noch eine Vorabiturklausur nachschreiben m\u00fcssen, am Freitag, den 24. 4. um 7.45 Uhr im MPG zu sein, um unter Wahrung der gebotenen Distanz sich \u00fcber die Klausurr\u00e4ume zu informieren. Die Kolleg_innen, die eine Vorabiturklausur stellen, bitte ich, sich um 8.00 Uhr in dem per Plan zugewiesenen Raum mit den entsprechenden Klausuren und erlaubten Hilfsmitteln einzufinden. Da es keinen Cafeteria-Betrieb gibt, bitte ich darum, an gen\u00fcgend Essen und Trinken zu denken.&nbsp;<\/p>\n\n\n\n<p class=\"wp-block-paragraph\">Bzgl. der <strong>Notbetreuung<\/strong> bitte ich Sie, liebe Kolleg_innen, die aktualisierte Liste zur Kenntnis zu nehmen und die Betreuung im SLZ\/Sch\u00fcb\u00fc durchzuf\u00fchren.<\/p>\n\n\n\n<p class=\"wp-block-paragraph\">Ich danke f\u00fcr alle Kooperation!<\/p>\n\n\n\n<p class=\"wp-block-paragraph\">Beste Gr\u00fc\u00dfe \u2013 und bei allem Ungewohnten ein so sch\u00f6nes Wochenende wie es irgend geht<\/p>\n\n\n\n<p class=\"wp-block-paragraph\">Ute Tometten<\/p>\n","protected":false},"excerpt":{"rendered":"<p>Dortmund, den 17. 4. 2020 Liebe Kolleginnen, liebe Kollegen, liebe Sch\u00fclerinnen, liebe Sch\u00fcler, liebe Eltern, unter diesem Link findet sich die neue Schulmail des MSB: https:\/\/www.schulministerium.nrw.de\/docs\/bp\/Ministerium\/Schulverwaltung\/Schulmail\/Archiv-2020\/200416\/index.html&nbsp; Gerne h\u00e4tte ich heute bereits das Prozedere f\u00fcr die Organisation der abiturrelevanten Kurse der Q2 (LKs sowie 3. und 4. Abiturfach) ab dem 23. 4. vorgestellt zwecks klarer Zeitplanung &hellip; <\/p>\n<p class=\"link-more\"><a href=\"https:\/\/mpg-do.de\/?p=8512\" class=\"more-link\"><span class=\"screen-reader-text\">\u201eVorabiturklausuren, allgemeine Regelungen des Ministeriums\u201c <\/span>weiterlesen<\/a><\/p>\n","protected":false},"author":5,"featured_media":0,"comment_status":"closed","ping_status":"closed","sticky":false,"template":"","format":"standard","meta":{"_crdt_document":"","footnotes":""},"categories":[1],"tags":[],"class_list":["post-8512","post","type-post","status-publish","format-standard","hentry","category-allgemein","entry"],"_links":{"self":[{"href":"https:\/\/mpg-do.de\/index.php?rest_route=\/wp\/v2\/posts\/8512","targetHints":{"allow":["GET"]}}],"collection":[{"href":"https:\/\/mpg-do.de\/index.php?rest_route=\/wp\/v2\/posts"}],"about":[{"href":"https:\/\/mpg-do.de\/index.php?rest_route=\/wp\/v2\/types\/post"}],"author":[{"embeddable":true,"href":"https:\/\/mpg-do.de\/index.php?rest_route=\/wp\/v2\/users\/5"}],"replies":[{"embeddable":true,"href":"https:\/\/mpg-do.de\/index.php?rest_route=%2Fwp%2Fv2%2Fcomments&post=8512"}],"version-history":[{"count":2,"href":"https:\/\/mpg-do.de\/index.php?rest_route=\/wp\/v2\/posts\/8512\/revisions"}],"predecessor-version":[{"id":8514,"href":"https:\/\/mpg-do.de\/index.php?rest_route=\/wp\/v2\/posts\/8512\/revisions\/8514"}],"wp:attachment":[{"href":"https:\/\/mpg-do.de\/index.php?rest_route=%2Fwp%2Fv2%2Fmedia&parent=8512"}],"wp:term":[{"taxonomy":"category","embeddable":true,"href":"https:\/\/mpg-do.de\/index.php?rest_route=%2Fwp%2Fv2%2Fcategories&post=8512"},{"taxonomy":"post_tag","embeddable":true,"href":"https:\/\/mpg-do.de\/index.php?rest_route=%2Fwp%2Fv2%2Ftags&post=8512"}],"curies":[{"name":"wp","href":"https:\/\/api.w.org\/{rel}","templated":true}]}}