{"id":9006,"date":"2020-11-02T13:46:49","date_gmt":"2020-11-02T12:46:49","guid":{"rendered":"https:\/\/mpg-do.de\/?p=9006"},"modified":"2020-11-02T13:58:57","modified_gmt":"2020-11-02T12:58:57","slug":"essen-und-trinken-publikumsverkehr-distanz-und-maske","status":"publish","type":"post","link":"https:\/\/mpg-do.de\/?p=9006","title":{"rendered":"Essen und Trinken &#8211; Publikumsverkehr &#8211; Distanz und Maske"},"content":{"rendered":"\n<p class=\"wp-block-paragraph\">Dortmund, den 2. 11. 2020<\/p>\n\n\n\n<p class=\"wp-block-paragraph\">Liebe Kolleginnen, liebe Kollegen, liebe Sch\u00fclerinnen, liebe Sch\u00fcler, liebe Eltern,<\/p>\n\n\n\n<p class=\"wp-block-paragraph\">angesichts der weiteren Entwicklungen gebe ich Ihnen und euch hier einige Informationen. Ich bitte, die jeweils f\u00fcr Sie und euch relevanten Aspekte zu ber\u00fccksichtigen.&nbsp;<\/p>\n\n\n\n<!--more-->\n\n\n\n<p class=\"wp-block-paragraph\">Essen und Trinken<\/p>\n\n\n\n<ul class=\"wp-block-list\"><li>Auf Anregung und Bitte der SV ist es im Nachmittagsbereich m\u00f6glich, dass ihr, liebe Sch\u00fcler_innen kurzfristig den Raum verlasst, um, in Wahrung des Abstandes von mindestens 1,50 m, etwas zu trinken. In diesem Fall ist es nicht erforderlich, dass ihr nach drau\u00dfen geht.&nbsp;<\/li><li>Die \u00fcbrigen Regeln bleiben bestehen.&nbsp;<\/li><\/ul>\n\n\n\n<p class=\"wp-block-paragraph\">Publikumsverkehr<\/p>\n\n\n\n<ul class=\"wp-block-list\"><li>Ich bitte darum, die Au\u00dfenkontakte innerhalb der Schule so weit wie m\u00f6glich einzuschr\u00e4nken.<\/li><li>Zu Elterngespr\u00e4chen vor Ort ist ab sofort nur ein Elternteil zugelassen. Ich bitte Sie, liebe Eltern, daf\u00fcr angesichts der momentanen Lage um Verst\u00e4ndnis.<\/li><li>Au\u00dferdem geben Sie, liebe Eltern, falls Sie Ihre Kinder zur Schule begleiten, diese bitte vor dem Schulgel\u00e4nde ab. Ein Begleiten auf das Schulgel\u00e4nde oder in das Geb\u00e4ude ist zurzeit nicht m\u00f6glich. Auch da bitte ich um Verst\u00e4ndnis.&nbsp;<\/li><li>Externe Veranstaltungen werden im November abgesagt. Dazu geh\u00f6rt nicht die Schulkonferenz als Gremium, die einladungsgem\u00e4\u00df stattfindet.<\/li><li>Ausgenommen sind auch das Kernseminar von Frau Mari\u00df-Kollmann (2. \u2013 4. 11. 2020) sowie die Intensivtage von Herrn Dr. K\u00f6nig (9. 11. nachmittags, 10. 11. ganzt\u00e4tig) sowie von Frau Wlotzka (11. 11. ganzt\u00e4gig, 12. 11. vormittags), die allerdings leider ohne Unterrichtsbeobachtungen und Hospitationen stattfinden m\u00fcssen.&nbsp;<\/li><\/ul>\n\n\n\n<p class=\"wp-block-paragraph\">Distanz und Maske<\/p>\n\n\n\n<ul class=\"wp-block-list\"><li>Ich bin sehr erfreut \u00fcber das Einhalten der Maskenpflicht im Schulgeb\u00e4ude und auf dem Schulgel\u00e4nde! Daf\u00fcr ein gro\u00dfes Lob an euch, liebe Sch\u00fcler_innen.&nbsp;<\/li><li>Es ist immens wichtig, dass auch der Abstand von 1,50 m immer eingehalten wird.&nbsp;<\/li><li>Au\u00dferdem weise ich darauf hin, dass eine sinnvolle Eind\u00e4mmung des Infektionsgeschehens es erforderlich macht, die AHA-Regeln auch beim Verlassen des Schulgel\u00e4ndes einzuhalten \u2013 auf der Ardeystra\u00dfe und der Bunsen-Kirchhoff-Stra\u00dfe.&nbsp;<\/li><\/ul>\n\n\n\n<p class=\"wp-block-paragraph\">Bl\u00e4serklasse und Schulsport<\/p>\n\n\n\n<ul class=\"wp-block-list\"><li>&nbsp;Dazu liegen noch keine ver\u00e4ndernden Informationen vor.&nbsp;<\/li><\/ul>\n\n\n\n<p class=\"wp-block-paragraph\">Weihnachtskonzert<\/p>\n\n\n\n<ul class=\"wp-block-list\"><li>Leider muss dieses abgesagt werden.&nbsp;<\/li><\/ul>\n\n\n\n<p class=\"wp-block-paragraph\">Ich w\u00fcnsche Ihnen, euch und uns gemeinsam ein gutes und wohlbehaltenes Durchkommen durch diese Zeit und danke f\u00fcr alles Verst\u00e4ndnis, so manches aufmunternde Wort und alles Engagement.<\/p>\n\n\n\n<p class=\"wp-block-paragraph\">Beste Gr\u00fc\u00dfe<\/p>\n\n\n\n<p class=\"wp-block-paragraph\">Ute Tometten<\/p>\n","protected":false},"excerpt":{"rendered":"<p>Dortmund, den 2. 11. 2020 Liebe Kolleginnen, liebe Kollegen, liebe Sch\u00fclerinnen, liebe Sch\u00fcler, liebe Eltern, angesichts der weiteren Entwicklungen gebe ich Ihnen und euch hier einige Informationen. Ich bitte, die jeweils f\u00fcr Sie und euch relevanten Aspekte zu ber\u00fccksichtigen.&nbsp;<\/p>\n","protected":false},"author":5,"featured_media":0,"comment_status":"closed","ping_status":"closed","sticky":false,"template":"","format":"standard","meta":{"_crdt_document":"","footnotes":""},"categories":[1],"tags":[],"class_list":["post-9006","post","type-post","status-publish","format-standard","hentry","category-allgemein","entry"],"_links":{"self":[{"href":"https:\/\/mpg-do.de\/index.php?rest_route=\/wp\/v2\/posts\/9006","targetHints":{"allow":["GET"]}}],"collection":[{"href":"https:\/\/mpg-do.de\/index.php?rest_route=\/wp\/v2\/posts"}],"about":[{"href":"https:\/\/mpg-do.de\/index.php?rest_route=\/wp\/v2\/types\/post"}],"author":[{"embeddable":true,"href":"https:\/\/mpg-do.de\/index.php?rest_route=\/wp\/v2\/users\/5"}],"replies":[{"embeddable":true,"href":"https:\/\/mpg-do.de\/index.php?rest_route=%2Fwp%2Fv2%2Fcomments&post=9006"}],"version-history":[{"count":2,"href":"https:\/\/mpg-do.de\/index.php?rest_route=\/wp\/v2\/posts\/9006\/revisions"}],"predecessor-version":[{"id":9010,"href":"https:\/\/mpg-do.de\/index.php?rest_route=\/wp\/v2\/posts\/9006\/revisions\/9010"}],"wp:attachment":[{"href":"https:\/\/mpg-do.de\/index.php?rest_route=%2Fwp%2Fv2%2Fmedia&parent=9006"}],"wp:term":[{"taxonomy":"category","embeddable":true,"href":"https:\/\/mpg-do.de\/index.php?rest_route=%2Fwp%2Fv2%2Fcategories&post=9006"},{"taxonomy":"post_tag","embeddable":true,"href":"https:\/\/mpg-do.de\/index.php?rest_route=%2Fwp%2Fv2%2Ftags&post=9006"}],"curies":[{"name":"wp","href":"https:\/\/api.w.org\/{rel}","templated":true}]}}