{"id":9032,"date":"2020-11-04T06:06:23","date_gmt":"2020-11-04T05:06:23","guid":{"rendered":"https:\/\/mpg-do.de\/?p=9032"},"modified":"2020-11-11T11:31:11","modified_gmt":"2020-11-11T10:31:11","slug":"04-11-2020-interesse-am-mpg-tag-der-offenen-tuer","status":"publish","type":"post","link":"https:\/\/mpg-do.de\/?p=9032","title":{"rendered":"Interesse am MPG? \u2014 Tag der offenen T\u00fcr"},"content":{"rendered":"\n<p class=\"wp-block-paragraph\">Liebe Viertkl\u00e4ssler_innen, liebe Eltern,<\/p>\n\n\n\n<p class=\"wp-block-paragraph\">wir freuen uns \u00fcber euer und Ihr Interesse am Max-Planck-Gymnasium. Eigentlich hatten wir wie in jedem Jahr einen umfangreichen Tag der offenen T\u00fcr im November geplant. Dieser ist uns als Schulgemeinde immens wichtig, k\u00f6nnen wir so doch sehr anschaulich unsere vielf\u00e4ltigen M\u00f6glichkeiten pr\u00e4sentieren.<\/p>\n\n\n\n<p class=\"wp-block-paragraph\">Die aktuelle Situation l\u00e4sst uns andere Wege gehen, Ihnen und euch einen Einblick in unser Schulleben zu geben.<\/p>\n\n\n\n<p class=\"wp-block-paragraph\">Dieser Einblick ist sicher f\u00fcr Sie als Erziehungsberechtigte und f\u00fcr euch Kinder sehr wichtig. Er dient als ein erster Schritt der langsamen Ann\u00e4herung an unsere Schule, wenn Sie sich sp\u00e4ter f\u00fcr uns entscheiden. Dabei hat der Aspekt, \u00dcberg\u00e4nge m\u00f6glichst flie\u00dfend und behutsam zu gestalten, f\u00fcr uns eine besondere Bedeutung. In der aktuellen Corona-Phase ist dies vielleicht sogar noch wichtiger, aber sicher auch herausfordernder.&nbsp;<\/p>\n\n\n\n<p class=\"wp-block-paragraph\">Dieser sicherlich so wichtige \u201eErstkontakt\u201c kann in diesem Jahr leider nicht in Pr\u00e4senz stattfinden. Uns ist es sehr wichtig, mit Ihnen und euch in Kontakt zu treten. Dazu laden wir Sie und euch auf unsere <a href=\"https:\/\/mpg-do.de\/?page_id=2435\" data-type=\"page\" data-id=\"2435\">Homepage<\/a> ein. Sie k\u00f6nnen sich hier \u00fcber den \u00dcbergang zum MPG informieren, bekommen entsprechende Nachrichten zugesendet f\u00fcr <a href=\"https:\/\/mpg-do.de\/?page_id=710\">die zuk\u00fcnftige Jahrgangsstufe 5<\/a> und f\u00fcr den <a href=\"https:\/\/mpg-do.de\/?page_id=714\" data-type=\"page\" data-id=\"714\">Seiteneinstieg<\/a> und erhalten zu allen Angeboten detaillierte Informationen. Ebenso haben wir an die Grundschulen den <a href=\"https:\/\/mpg-do.de\/wp-content\/uploads\/2020\/11\/Flyer-MPG-ohne-Schnittzugabe.pdf\">Info-Flyer \u201eMPG auf einen Blick\u201c <\/a>zum Schm\u00f6kern beigelegt.<\/p>\n\n\n\n<p class=\"wp-block-paragraph\">Wir laden Sie ein, bei Interesse f\u00fcr das MPG (zuk\u00fcnftige Jahrgangsstufe 5 oder Seiteneinsteiger) sich hier f\u00fcr unseren Newsletter anzumelden. Wir senden Ihnen dann an Ihre angegebene E-Mail-Adresse f\u00fcr Sie und f\u00fcr den \u00dcbergang Ihrer Kinder relevante Informationen, sobald wir Neuigkeiten haben.<\/p>\n\n\n\n<p class=\"has-text-align-center wp-block-paragraph\"><a href=\"https:\/\/docs.google.com\/forms\/d\/1EF5TknW770LsahLabjTqFJKhpZ16_S60BgqMBDtQi7Y\/edit?usp=sharing_eil&amp;ts=5f9ffc2f\">Interesse am Max-Planck-Gymnasium Dortmund<\/a><\/p>\n\n\n\n<p class=\"wp-block-paragraph\">Stand heute planen wir f\u00fcr den 19. und 20. Januar 2021 einen Infoabend, hoffentlich real in unserer Aula, um dort noch einmal \u00fcber unsere Angebote und das Anmeldeverfahren zur weiterf\u00fchrenden Schule und zu informieren.<\/p>\n\n\n\n<p class=\"wp-block-paragraph\">Schon jetzt weisen wir auf unseren Begr\u00fc\u00dfungsnachmittag vor den Ferien hin, der helfen soll, schon einmal zu sehen, wer mit euch, liebe Sch\u00fcler_innen, in eine Klasse kommt, wer die Klassenleitung sein und wie der Klassenraum aussehen wird. Hier werden die <a href=\"https:\/\/mpg-do.de\/?page_id=6818\" data-type=\"page\" data-id=\"6818\">Paten<\/a> f\u00fcr die 5er und 6er dabei sein und euch begr\u00fc\u00dfen. Sie nehmen euch nach den Ferien \u201ean die Hand\u201c und organisieren in den ersten Tagen einen Patenausflug. Eine Klassenfahrt, regelm\u00e4\u00dfige Erprobungsstufenkonferenzen, z. T. mit Elternvertreter_innen und ehemaligen Grundschullehrkr\u00e4ften erg\u00e4nzen unser Konzept.<\/p>\n\n\n\n<p class=\"wp-block-paragraph\">Wir bedauern es wirklich sehr, den Tag der offenen T\u00fcr in der herk\u00f6mmlichen Form absagen zu m\u00fcssen. Ein Austausch mit voraussichtlich 500 Beteiligten von vielen verschiedenen Dortmunder Grundschulen ist unserer Einsch\u00e4tzung nach derzeit nicht darstellbar und w\u00e4re mit den klaren Regeln, die Gesundheit aller Beteiligten an unserer Schule zu sch\u00fctzen, nicht vereinbar.<\/p>\n\n\n\n<p class=\"wp-block-paragraph\">Wir hoffen, dass unsere Informationen Ihnen und euch einen ersten Einblick in unser vielf\u00e4ltiges Schulleben geben.<\/p>\n\n\n\n<p class=\"wp-block-paragraph\">Wir freuen uns auf euch und auf Sie, wenn auch zun\u00e4chst in digitaler Form.<\/p>\n\n\n\n<p class=\"wp-block-paragraph\"><\/p>\n\n\n\n<p class=\"wp-block-paragraph\">Herzlichst<\/p>\n\n\n\n<figure class=\"wp-block-image\"><img decoding=\"async\" src=\"https:\/\/lh5.googleusercontent.com\/GN3WeJ_NO82jqTYc5v1VdbKmqqbQxKgaNxf-rLjVN0VRigyUHtagTX5mkGsFAKk00tsDmACODz34234QuX959j2hLZ5DpbS2opxuOwsN7i-P_WB-9GvuSV4r9RqBrJZWa3R_clSi8HwIY3vRSQ\" alt=\"U:\\Programme\\SchILD-NRW\\SchILD-Reports\\Sekretariat\\header_footer\\Tometten Unterschrift.60.JPG\"\/><\/figure>\n\n\n\n<p class=\"wp-block-paragraph\">Ute Tometten, OStD\u2019, Schulleiterin\u00a0<\/p>\n\n\n\n<figure class=\"wp-block-image\"><img decoding=\"async\" src=\"https:\/\/lh3.googleusercontent.com\/u-XrSGzHzNu3HZ-PnMMn1lAI330GWv9Y0Ki78EIWqNqOKXY-9LY7iOY6dXqLEmPqRqpaUR5C3TVcxL1bvOQtPvaWZp3ZcZ-JDnjEwsvAhUtZwOGLXuMupWKhRrmwflLsbHqFxQZiWw7wxGbsRA\" alt=\"\"\/><\/figure>\n\n\n\n<p class=\"wp-block-paragraph\">Bastian Kl\u00f6hn, StD, Eprobungsstufenkoordinator<\/p>\n","protected":false},"excerpt":{"rendered":"<p>Liebe Viertkl\u00e4ssler_innen, liebe Eltern, wir freuen uns \u00fcber euer und Ihr Interesse am Max-Planck-Gymnasium. Eigentlich hatten wir wie in jedem Jahr einen umfangreichen Tag der offenen T\u00fcr im November geplant. Dieser ist uns als Schulgemeinde immens wichtig, k\u00f6nnen wir so doch sehr anschaulich unsere vielf\u00e4ltigen M\u00f6glichkeiten pr\u00e4sentieren. Die aktuelle Situation l\u00e4sst uns andere Wege gehen, &hellip; <\/p>\n<p class=\"link-more\"><a href=\"https:\/\/mpg-do.de\/?p=9032\" class=\"more-link\"><span class=\"screen-reader-text\">\u201eInteresse am MPG? \u2014 Tag der offenen T\u00fcr\u201c <\/span>weiterlesen<\/a><\/p>\n","protected":false},"author":13,"featured_media":0,"comment_status":"closed","ping_status":"closed","sticky":false,"template":"","format":"standard","meta":{"_crdt_document":"","footnotes":""},"categories":[1],"tags":[],"class_list":["post-9032","post","type-post","status-publish","format-standard","hentry","category-allgemein","entry"],"_links":{"self":[{"href":"https:\/\/mpg-do.de\/index.php?rest_route=\/wp\/v2\/posts\/9032","targetHints":{"allow":["GET"]}}],"collection":[{"href":"https:\/\/mpg-do.de\/index.php?rest_route=\/wp\/v2\/posts"}],"about":[{"href":"https:\/\/mpg-do.de\/index.php?rest_route=\/wp\/v2\/types\/post"}],"author":[{"embeddable":true,"href":"https:\/\/mpg-do.de\/index.php?rest_route=\/wp\/v2\/users\/13"}],"replies":[{"embeddable":true,"href":"https:\/\/mpg-do.de\/index.php?rest_route=%2Fwp%2Fv2%2Fcomments&post=9032"}],"version-history":[{"count":16,"href":"https:\/\/mpg-do.de\/index.php?rest_route=\/wp\/v2\/posts\/9032\/revisions"}],"predecessor-version":[{"id":9100,"href":"https:\/\/mpg-do.de\/index.php?rest_route=\/wp\/v2\/posts\/9032\/revisions\/9100"}],"wp:attachment":[{"href":"https:\/\/mpg-do.de\/index.php?rest_route=%2Fwp%2Fv2%2Fmedia&parent=9032"}],"wp:term":[{"taxonomy":"category","embeddable":true,"href":"https:\/\/mpg-do.de\/index.php?rest_route=%2Fwp%2Fv2%2Fcategories&post=9032"},{"taxonomy":"post_tag","embeddable":true,"href":"https:\/\/mpg-do.de\/index.php?rest_route=%2Fwp%2Fv2%2Ftags&post=9032"}],"curies":[{"name":"wp","href":"https:\/\/api.w.org\/{rel}","templated":true}]}}