{"id":9057,"date":"2020-11-11T11:31:35","date_gmt":"2020-11-11T10:31:35","guid":{"rendered":"https:\/\/mpg-do.de\/?p=9057"},"modified":"2020-11-11T11:41:50","modified_gmt":"2020-11-11T10:41:50","slug":"anne-frank-tag","status":"publish","type":"post","link":"https:\/\/mpg-do.de\/?p=9057","title":{"rendered":"Anne Frank Tag"},"content":{"rendered":"\n<p class=\"wp-block-paragraph\">Wie im Schuljahr 2018\/19 hatte die <a href=\"https:\/\/mpg-do.de\/?page_id=6774\" data-type=\"page\" data-id=\"6774\">MP CourAGe<\/a> auch f\u00fcr das letzte Schuljahr geplant, am Anne Frank Tag (12. Juni) eine kleine, interaktive Ausstellung vorzubereiten. Leider gab es im Juni daf\u00fcr keine M\u00f6glichkeit. Wenngleich Schule und Unterricht gerade leider immer noch nicht normal verlaufen, m\u00f6chten wir die Aktion zum Anne Frank Tag zum Thema &#8222;Freiheit&#8220; dennoch durchf\u00fchren und nun nachholen.<\/p>\n\n\n\n<!--more-->\n\n\n\n<figure class=\"wp-block-image size-large\"><img loading=\"lazy\" decoding=\"async\" width=\"800\" height=\"600\" src=\"https:\/\/mpg-do.de\/wp-content\/uploads\/2020\/11\/IMG_1143-800x600.jpeg\" alt=\"\" class=\"wp-image-9083\" srcset=\"https:\/\/mpg-do.de\/wp-content\/uploads\/2020\/11\/IMG_1143-800x600.jpeg 800w, https:\/\/mpg-do.de\/wp-content\/uploads\/2020\/11\/IMG_1143-300x225.jpeg 300w, https:\/\/mpg-do.de\/wp-content\/uploads\/2020\/11\/IMG_1143-120x90.jpeg 120w, https:\/\/mpg-do.de\/wp-content\/uploads\/2020\/11\/IMG_1143-768x576.jpeg 768w, https:\/\/mpg-do.de\/wp-content\/uploads\/2020\/11\/IMG_1143-64x48.jpeg 64w, https:\/\/mpg-do.de\/wp-content\/uploads\/2020\/11\/IMG_1143.jpeg 1280w\" sizes=\"auto, (max-width: 800px) 100vw, 800px\" \/><\/figure>\n\n\n\n<p class=\"wp-block-paragraph\">Zwischen dem 9. und 13. November besteht die M\u00f6glichkeit, eine Plakatausstellung in Raum 03 mit Klassen bzw. Kursen aller Stufen zu besuchen. Anhand der Biografie von Anne Frank setzen sich die Besucher_innen mit Nationalsozialismus, Holocaust und Antisemitismus auseinander.&nbsp;F\u00fcr die Plakatausstellung ist ein Arbeitsblatt (mit L\u00f6sungen) entwickelt worden.&nbsp;<\/p>\n\n\n\n<p class=\"wp-block-paragraph\">Weitere Informationen findet ihr bei Interesse hier&nbsp;<a rel=\"noreferrer noopener\" href=\"https:\/\/www.annefranktag.de\/\" target=\"_blank\">https:\/\/www.annefranktag.de\/<\/a><\/p>\n\n\n\n<figure class=\"wp-block-image size-large\"><img loading=\"lazy\" decoding=\"async\" width=\"800\" height=\"600\" src=\"https:\/\/mpg-do.de\/wp-content\/uploads\/2020\/11\/IMG_1147-800x600.jpeg\" alt=\"\" class=\"wp-image-9084\" srcset=\"https:\/\/mpg-do.de\/wp-content\/uploads\/2020\/11\/IMG_1147-800x600.jpeg 800w, https:\/\/mpg-do.de\/wp-content\/uploads\/2020\/11\/IMG_1147-300x225.jpeg 300w, https:\/\/mpg-do.de\/wp-content\/uploads\/2020\/11\/IMG_1147-120x90.jpeg 120w, https:\/\/mpg-do.de\/wp-content\/uploads\/2020\/11\/IMG_1147-768x576.jpeg 768w, https:\/\/mpg-do.de\/wp-content\/uploads\/2020\/11\/IMG_1147-64x48.jpeg 64w, https:\/\/mpg-do.de\/wp-content\/uploads\/2020\/11\/IMG_1147.jpeg 1280w\" sizes=\"auto, (max-width: 800px) 100vw, 800px\" \/><\/figure>\n","protected":false},"excerpt":{"rendered":"<p>Wie im Schuljahr 2018\/19 hatte die MP CourAGe auch f\u00fcr das letzte Schuljahr geplant, am Anne Frank Tag (12. Juni) eine kleine, interaktive Ausstellung vorzubereiten. Leider gab es im Juni daf\u00fcr keine M\u00f6glichkeit. Wenngleich Schule und Unterricht gerade leider immer noch nicht normal verlaufen, m\u00f6chten wir die Aktion zum Anne Frank Tag zum Thema &#8222;Freiheit&#8220; &hellip; <\/p>\n<p class=\"link-more\"><a href=\"https:\/\/mpg-do.de\/?p=9057\" class=\"more-link\"><span class=\"screen-reader-text\">\u201eAnne Frank Tag\u201c <\/span>weiterlesen<\/a><\/p>\n","protected":false},"author":5,"featured_media":9082,"comment_status":"closed","ping_status":"closed","sticky":false,"template":"","format":"standard","meta":{"_crdt_document":"","footnotes":""},"categories":[1],"tags":[181,78,186],"class_list":["post-9057","post","type-post","status-publish","format-standard","has-post-thumbnail","hentry","category-allgemein","tag-geschichte","tag-mpcourage","tag-politik","entry"],"_links":{"self":[{"href":"https:\/\/mpg-do.de\/index.php?rest_route=\/wp\/v2\/posts\/9057","targetHints":{"allow":["GET"]}}],"collection":[{"href":"https:\/\/mpg-do.de\/index.php?rest_route=\/wp\/v2\/posts"}],"about":[{"href":"https:\/\/mpg-do.de\/index.php?rest_route=\/wp\/v2\/types\/post"}],"author":[{"embeddable":true,"href":"https:\/\/mpg-do.de\/index.php?rest_route=\/wp\/v2\/users\/5"}],"replies":[{"embeddable":true,"href":"https:\/\/mpg-do.de\/index.php?rest_route=%2Fwp%2Fv2%2Fcomments&post=9057"}],"version-history":[{"count":6,"href":"https:\/\/mpg-do.de\/index.php?rest_route=\/wp\/v2\/posts\/9057\/revisions"}],"predecessor-version":[{"id":9104,"href":"https:\/\/mpg-do.de\/index.php?rest_route=\/wp\/v2\/posts\/9057\/revisions\/9104"}],"wp:featuredmedia":[{"embeddable":true,"href":"https:\/\/mpg-do.de\/index.php?rest_route=\/wp\/v2\/media\/9082"}],"wp:attachment":[{"href":"https:\/\/mpg-do.de\/index.php?rest_route=%2Fwp%2Fv2%2Fmedia&parent=9057"}],"wp:term":[{"taxonomy":"category","embeddable":true,"href":"https:\/\/mpg-do.de\/index.php?rest_route=%2Fwp%2Fv2%2Fcategories&post=9057"},{"taxonomy":"post_tag","embeddable":true,"href":"https:\/\/mpg-do.de\/index.php?rest_route=%2Fwp%2Fv2%2Ftags&post=9057"}],"curies":[{"name":"wp","href":"https:\/\/api.w.org\/{rel}","templated":true}]}}