{"id":9579,"date":"2021-02-12T19:41:58","date_gmt":"2021-02-12T18:41:58","guid":{"rendered":"https:\/\/mpg-do.de\/?p=9579"},"modified":"2023-04-12T12:43:04","modified_gmt":"2023-04-12T10:43:04","slug":"geschichten-gesucht","status":"publish","type":"post","link":"https:\/\/mpg-do.de\/?p=9579","title":{"rendered":"Geschichten gesucht!"},"content":{"rendered":"\n<p class=\"wp-block-paragraph\">Das MPG hat sich erneut beim NRW-Wettbewerb Europawoche 2021 mit einer gemeinsamen Projektidee der Dortmunder Europaschulen beworben. Das diesj\u00e4hrige Motto lautet #EUnited\u2014gemeinsame Vision f\u00fcr die Zukunft. Wir m\u00f6chten in unseren Schulgemeinden, unserer Stadt Dortmund und in unseren Partnerschulen f\u00fcr unser Anliegen, der Gestaltung eines lebenswerten, solidarischen Europas werben.<\/p>\n\n\n\n<!--more-->\n\n\n\n<figure class=\"wp-block-image size-large\"><a href=\"https:\/\/mpg-do.de\/wp-content\/uploads\/2021\/02\/EDB48BEC-2F06-49D8-8610-7C0D68780F01.png\"><img loading=\"lazy\" decoding=\"async\" width=\"424\" height=\"600\" src=\"https:\/\/mpg-do.de\/wp-content\/uploads\/2021\/02\/EDB48BEC-2F06-49D8-8610-7C0D68780F01-424x600.png\" alt=\"\" class=\"wp-image-9580\" srcset=\"https:\/\/mpg-do.de\/wp-content\/uploads\/2021\/02\/EDB48BEC-2F06-49D8-8610-7C0D68780F01-424x600.png 424w, https:\/\/mpg-do.de\/wp-content\/uploads\/2021\/02\/EDB48BEC-2F06-49D8-8610-7C0D68780F01-212x300.png 212w, https:\/\/mpg-do.de\/wp-content\/uploads\/2021\/02\/EDB48BEC-2F06-49D8-8610-7C0D68780F01-45x64.png 45w, https:\/\/mpg-do.de\/wp-content\/uploads\/2021\/02\/EDB48BEC-2F06-49D8-8610-7C0D68780F01.png 707w\" sizes=\"auto, (max-width: 424px) 100vw, 424px\" \/><\/a><\/figure>\n","protected":false},"excerpt":{"rendered":"<p>Das MPG hat sich erneut beim NRW-Wettbewerb Europawoche 2021 mit einer gemeinsamen Projektidee der Dortmunder Europaschulen beworben. Das diesj\u00e4hrige Motto lautet #EUnited\u2014gemeinsame Vision f\u00fcr die Zukunft. Wir m\u00f6chten in unseren Schulgemeinden, unserer Stadt Dortmund und in unseren Partnerschulen f\u00fcr unser Anliegen, der Gestaltung eines lebenswerten, solidarischen Europas werben.<\/p>\n","protected":false},"author":5,"featured_media":6496,"comment_status":"closed","ping_status":"closed","sticky":false,"template":"","format":"standard","meta":{"_crdt_document":"","footnotes":""},"categories":[1],"tags":[124],"class_list":["post-9579","post","type-post","status-publish","format-standard","has-post-thumbnail","hentry","category-allgemein","tag-europaschule","entry"],"_links":{"self":[{"href":"https:\/\/mpg-do.de\/index.php?rest_route=\/wp\/v2\/posts\/9579","targetHints":{"allow":["GET"]}}],"collection":[{"href":"https:\/\/mpg-do.de\/index.php?rest_route=\/wp\/v2\/posts"}],"about":[{"href":"https:\/\/mpg-do.de\/index.php?rest_route=\/wp\/v2\/types\/post"}],"author":[{"embeddable":true,"href":"https:\/\/mpg-do.de\/index.php?rest_route=\/wp\/v2\/users\/5"}],"replies":[{"embeddable":true,"href":"https:\/\/mpg-do.de\/index.php?rest_route=%2Fwp%2Fv2%2Fcomments&post=9579"}],"version-history":[{"count":3,"href":"https:\/\/mpg-do.de\/index.php?rest_route=\/wp\/v2\/posts\/9579\/revisions"}],"predecessor-version":[{"id":9590,"href":"https:\/\/mpg-do.de\/index.php?rest_route=\/wp\/v2\/posts\/9579\/revisions\/9590"}],"wp:featuredmedia":[{"embeddable":true,"href":"https:\/\/mpg-do.de\/index.php?rest_route=\/wp\/v2\/media\/6496"}],"wp:attachment":[{"href":"https:\/\/mpg-do.de\/index.php?rest_route=%2Fwp%2Fv2%2Fmedia&parent=9579"}],"wp:term":[{"taxonomy":"category","embeddable":true,"href":"https:\/\/mpg-do.de\/index.php?rest_route=%2Fwp%2Fv2%2Fcategories&post=9579"},{"taxonomy":"post_tag","embeddable":true,"href":"https:\/\/mpg-do.de\/index.php?rest_route=%2Fwp%2Fv2%2Ftags&post=9579"}],"curies":[{"name":"wp","href":"https:\/\/api.w.org\/{rel}","templated":true}]}}